{"id":36749,"count":2,"description":"","link":"https:\/\/livrariaferreira.pt\/en\/autor\/alvara-de-declaracao-e-ampliacao-por-que-vossa-magestade-ha-por-bem-pelos-motivo\/","name":"Alvara de Declara\u00e7ao e Amplia\u00e7\u00e3o por que Vossa Magestade ha por bem pelos motivo","slug":"alvara-de-declaracao-e-ampliacao-por-que-vossa-magestade-ha-por-bem-pelos-motivo","taxonomy":"autor","meta":[],"acf":[],"_links":{"self":[{"href":"https:\/\/livrariaferreira.pt\/en\/wp-json\/wp\/v2\/autor\/36749","targetHints":{"allow":["GET"]}}],"collection":[{"href":"https:\/\/livrariaferreira.pt\/en\/wp-json\/wp\/v2\/autor"}],"about":[{"href":"https:\/\/livrariaferreira.pt\/en\/wp-json\/wp\/v2\/taxonomies\/autor"}],"wp:post_type":[{"href":"https:\/\/livrariaferreira.pt\/en\/wp-json\/wp\/v2\/product?autor=36749"}],"curies":[{"name":"wp","href":"https:\/\/api.w.org\/{rel}","templated":true}]}}