{"id":36141,"count":2,"description":"","link":"https:\/\/livrariaferreira.pt\/en\/autor\/em-quanto-nao-baixa-o-plano-para-o-lancamento-e-arrecadacao-do-subsidio-militar-da-decima\/","name":"EM QUANTO N\u00c3O BAIXA O PLANO PARA O Lan\u00e7amento e Arrecada\u00e7ao do Subsidio Militar da Decima","slug":"em-quanto-nao-baixa-o-plano-para-o-lancamento-e-arrecadacao-do-subsidio-militar-da-decima","taxonomy":"autor","meta":[],"acf":[],"_links":{"self":[{"href":"https:\/\/livrariaferreira.pt\/en\/wp-json\/wp\/v2\/autor\/36141","targetHints":{"allow":["GET"]}}],"collection":[{"href":"https:\/\/livrariaferreira.pt\/en\/wp-json\/wp\/v2\/autor"}],"about":[{"href":"https:\/\/livrariaferreira.pt\/en\/wp-json\/wp\/v2\/taxonomies\/autor"}],"wp:post_type":[{"href":"https:\/\/livrariaferreira.pt\/en\/wp-json\/wp\/v2\/product?autor=36141"}],"curies":[{"name":"wp","href":"https:\/\/api.w.org\/{rel}","templated":true}]}}